{"id":24621,"date":"2022-04-22T10:10:06","date_gmt":"2022-04-22T10:10:06","guid":{"rendered":"https:\/\/casanlucar.com\/?p=24621"},"modified":"2023-10-04T09:18:53","modified_gmt":"2023-10-04T09:18:53","slug":"parque-natural-de-donana","status":"publish","type":"post","link":"https:\/\/lacasa1832.com\/index.php\/2022\/04\/22\/parque-natural-de-donana\/","title":{"rendered":"Parque natural de Do\u00f1ana"},"content":{"rendered":"\n[et_pb_section fb_built=&#8221;1&#8243; _builder_version=&#8221;4.14.2&#8243; _module_preset=&#8221;default&#8221; custom_padding=&#8221;5px|||||&#8221; global_colors_info=&#8221;{}&#8221; theme_builder_area=&#8221;post_content&#8221;][et_pb_row _builder_version=&#8221;4.14.2&#8243; _module_preset=&#8221;default&#8221; custom_margin=&#8221;-4px|auto||auto||&#8221; global_colors_info=&#8221;{}&#8221; theme_builder_area=&#8221;post_content&#8221;][et_pb_column type=&#8221;4_4&#8243; _builder_version=&#8221;4.14.2&#8243; _module_preset=&#8221;default&#8221; global_colors_info=&#8221;{}&#8221; theme_builder_area=&#8221;post_content&#8221;][et_pb_text _builder_version=&#8221;4.14.2&#8243; _module_preset=&#8221;default&#8221; text_font=&#8221;Poppins||||||||&#8221; global_colors_info=&#8221;{}&#8221; theme_builder_area=&#8221;post_content&#8221;]<div class=\"_178zopn\">\n<div>\n<div class=\"_178zopn\">\n<div>\n<p style=\"text-align: justify;\">En esta infinita sucesi\u00f3n de localizaciones de pel\u00edcula que es el Parque Natural de Do\u00f1ana\u00a0se cree que vivi\u00f3 la primera civilizaci\u00f3n occidental, enclavada a orillas del Guadalquivir, en la m\u00edtica Tartessos.<\/p>\n<p style=\"text-align: justify;\">En el mismo lugar en el que etruscos, griegos y fenicios\u00a0se deleitaron en la contemplaci\u00f3n de la naturaleza, una fachada de azulejos dorados da entrada al centro de visitantes del PArque Natural de Do\u00f1ana,\u00a0antigua f\u00e1brica de hielo y actual embarcadero de Bajo de Gu\u00eda. All\u00ed, espera el buque Real Fernando, una recreaci\u00f3n de la primera embarcaci\u00f3n de vapor que cubri\u00f3 la ruta de C\u00e1diz a Sevilla, y que recorre los lugares m\u00e1s pintorescos. Con paciencia, se desliza sobre las aguas de uno de los humedales m\u00e1s importantes de Europa para ir desvelando los secretos de este Parque Natural, Patrimonio de la Humanidad desde 1994, en el que los azules, verdes y ocres se mezclan en una infinita sucesi\u00f3n de llanuras salpicadas de peque\u00f1os lagos de agua salada.<\/p>\n<p style=\"text-align: justify;\">La brisa es la mejor compa\u00f1\u00eda para descubrir las marismas e ir reconociendo, durante la traves\u00eda, las siluetas de flamencos, garzas reales o jabal\u00edes entre los vol\u00famenes de los cotos de pinares. \u00c9ste\u00a0es el lugar preferido por las aves para reunirse durante los meses de invierno sobre dunas de arena blanca, que cambian de ubicaci\u00f3n seg\u00fan el empe\u00f1o del viento.<\/p>\n<p style=\"text-align: justify;\">Uno de los atractivos del entorno de Do\u00f1ana es el Pinar de la Algaida \u00a0morada de\u00a0buitres, \u00e1guilas y cig\u00fce\u00f1as negras que sobrevuelan un\u00a0enorme eucalipto, considerado \u00e1rbol singular de Andaluc\u00eda. Escondidos entre la vegetaci\u00f3n,\u00a0sirviendo de refugio a los camaleones sanluque\u00f1os, se han encontrado multitud de objetos romanos de culto que se exhiben en el Museo de C\u00e1diz y que son buena muestra del pasado milenario de Do\u00f1ana.<\/p>\n<p style=\"text-align: justify;\">Tambi\u00e9n lo es el Fuerte de San Salvador, Bien de Inter\u00e9s Tur\u00edstico, una torre defensiva, levantada para defender el puerto de posibles ataques piratas all\u00ed\u00a0donde el r\u00edo y el mar se funden en un abrazo.\u00a0El poblado de La Plancha, compuesto por m\u00e1s de cincuenta chozas de madera, es la meta del trayecto: un centro etnogr\u00e1fico, construido sobre asentamientos del s.\u00a0XIX. S\u00f3lo queda cruzar los dedos para que la visita termine del modo m\u00e1s espectacular: con el avistamiento de uno de los linces ib\u00e9ricos que viven en las m\u00e1s de setenta mil hect\u00e1reas del parque.<\/p>\n<\/div>\n<\/div>\n<div class=\"_178zopn\">\n<div style=\"text-align: justify;\"><\/div>\n<\/div>\n<\/div>\n<\/div>[\/et_pb_text][\/et_pb_column][\/et_pb_row][\/et_pb_section]\n","protected":false},"excerpt":{"rendered":"<p>En esta infinita sucesi\u00f3n de localizaciones de pel\u00edcula que es el Parque Natural de Do\u00f1ana\u00a0se cree que vivi\u00f3 la primera civilizaci\u00f3n occidental, enclavada a orillas del Guadalquivir, en la m\u00edtica Tartessos. En el mismo lugar en el que etruscos, griegos y fenicios\u00a0se deleitaron en la contemplaci\u00f3n de la naturaleza, una fachada de azulejos dorados da [&hellip;]<\/p>\n","protected":false},"author":1,"featured_media":72098,"comment_status":"closed","ping_status":"closed","sticky":false,"template":"","format":"standard","meta":{"_et_pb_use_builder":"on","_et_pb_old_content":"","_et_gb_content_width":"1080","footnotes":""},"categories":[9],"tags":[],"class_list":["post-24621","post","type-post","status-publish","format-standard","has-post-thumbnail","hentry","category-sanlucar"],"_links":{"self":[{"href":"https:\/\/lacasa1832.com\/index.php\/wp-json\/wp\/v2\/posts\/24621","targetHints":{"allow":["GET"]}}],"collection":[{"href":"https:\/\/lacasa1832.com\/index.php\/wp-json\/wp\/v2\/posts"}],"about":[{"href":"https:\/\/lacasa1832.com\/index.php\/wp-json\/wp\/v2\/types\/post"}],"author":[{"embeddable":true,"href":"https:\/\/lacasa1832.com\/index.php\/wp-json\/wp\/v2\/users\/1"}],"replies":[{"embeddable":true,"href":"https:\/\/lacasa1832.com\/index.php\/wp-json\/wp\/v2\/comments?post=24621"}],"version-history":[{"count":1,"href":"https:\/\/lacasa1832.com\/index.php\/wp-json\/wp\/v2\/posts\/24621\/revisions"}],"predecessor-version":[{"id":72109,"href":"https:\/\/lacasa1832.com\/index.php\/wp-json\/wp\/v2\/posts\/24621\/revisions\/72109"}],"wp:featuredmedia":[{"embeddable":true,"href":"https:\/\/lacasa1832.com\/index.php\/wp-json\/wp\/v2\/media\/72098"}],"wp:attachment":[{"href":"https:\/\/lacasa1832.com\/index.php\/wp-json\/wp\/v2\/media?parent=24621"}],"wp:term":[{"taxonomy":"category","embeddable":true,"href":"https:\/\/lacasa1832.com\/index.php\/wp-json\/wp\/v2\/categories?post=24621"},{"taxonomy":"post_tag","embeddable":true,"href":"https:\/\/lacasa1832.com\/index.php\/wp-json\/wp\/v2\/tags?post=24621"}],"curies":[{"name":"wp","href":"https:\/\/api.w.org\/{rel}","templated":true}]}}